{"id":23759,"date":"2026-09-03T09:29:50","date_gmt":"2026-09-03T07:29:50","guid":{"rendered":"https:\/\/mediaonlinecl.ro\/?p=23759"},"modified":"2026-09-04T09:31:23","modified_gmt":"2026-09-04T07:31:23","slug":"fotoliile-din-parlament-mai-importante-decat-guvernul-pnl-si-usr-blocheaza-activitatea-camerei-pentru-doua-functii-pierdute","status":"publish","type":"post","link":"https:\/\/mediaonlinecl.ro\/index.php\/2026\/09\/03\/fotoliile-din-parlament-mai-importante-decat-guvernul-pnl-si-usr-blocheaza-activitatea-camerei-pentru-doua-functii-pierdute\/","title":{"rendered":"Fotoliile din Parlament, mai importante dec\u00e2t Guvernul: PNL \u0219i USR blocheaz\u0103 activitatea Camerei pentru dou\u0103 func\u021bii pierdute"},"content":{"rendered":"\n<p class=\"wp-block-paragraph\">PSD: Rom\u00e2nia r\u0103m\u00e2ne f\u0103r\u0103 un Guvern plin, \u00eens\u0103 priorit\u0103\u021bile de la v\u00e2rful PNL \u0219i USR se m\u0103soar\u0103 \u00een func\u021bii, bugete \u0219i influen\u021b\u0103. Pierderea a dou\u0103 posturi \u00een conducerea Camerei Deputa\u021bilor a fost suficient\u0103 pentru a declan\u0219a un nou episod de tensiune politic\u0103: \u0219edin\u021be boicotate, acuza\u021bii reciproce \u0219i scenarii despre alian\u021be ap\u0103rute peste noapte, totul \u00eenvelit \u00een discursuri despre \u201edemocra\u021bia pus\u0103 \u00een pericol\u201d.<\/p>\n\n\n\n<p class=\"wp-block-paragraph\">Miza din spatele declara\u021biilor r\u0103m\u00e2ne pur administrativ\u0103. \u00cen timp ce PNL \u0219i USR sus\u021bin c\u0103 procedura parlamentar\u0103 a fost \u00eenc\u0103lcat\u0103, opozi\u021bia arat\u0103 spre un dublu standard: PSD a pierdut, la r\u00e2ndul s\u0103u, o pozi\u021bie \u00een Biroul Permanent al Senatului, f\u0103r\u0103 a bloca activitatea legislativ\u0103 sau a invoca o criz\u0103 institu\u021bional\u0103 pentru un fotoliu \u00een minus.<\/p>\n\n\n\n<p class=\"wp-block-paragraph\">Reac\u021biile din spa\u021biul public readuc \u00een discu\u021bie \u0219i legitimitatea actualei formule de la Palatul Victoria. Se vorbe\u0219te intens despre alian\u021be politice, \u00eens\u0103 din tab\u0103ra social-democrat\u0103 se ridic\u0103 \u00eentreb\u0103ri directe cu privire la sprijinul pe care se mai sprijin\u0103 Ilie Bolojan la conducerea Executivului, dup\u0103 ce cabinetul s\u0103u a fost demis prin mo\u021biune de cenzur\u0103 de c\u0103tre Parlament.<\/p>\n\n\n\n<p class=\"wp-block-paragraph\">\u00cen timp ce PNL \u0219i USR \u00ee\u0219i concentreaz\u0103 resursele pe negocierea \u0219i recuperarea posturilor din birourile permanente, incertitudinea politic\u0103 persist\u0103.<\/p>\n\n\n\n<p class=\"wp-block-paragraph\">Reprezentan\u021bii PSD sus\u021bin c\u0103 prioritatea zero trebuie s\u0103 fie consolidarea unei majorit\u0103\u021bi parlamentare stabile capabile s\u0103 \u00eenvesteasc\u0103 de urgen\u021b\u0103 un nou Guvern, scurtcircuit\u00e2nd jocurile de putere din Parlament.<\/p>\n","protected":false},"excerpt":{"rendered":"<p>PSD: Rom\u00e2nia r\u0103m\u00e2ne f\u0103r\u0103 un Guvern plin, \u00eens\u0103 priorit\u0103\u021bile de la v\u00e2rful PNL \u0219i USR&#8230;<\/p>\n","protected":false},"author":3,"featured_media":19584,"comment_status":"open","ping_status":"open","sticky":false,"template":"","format":"standard","meta":{"_eb_attr":"","footnotes":""},"categories":[13,6],"tags":[24,20],"class_list":["post-23759","post","type-post","status-publish","format-standard","has-post-thumbnail","hentry","category-info","category-politica","tag-calarasi","tag-materiale-informative"],"yoast_head":"<!-- This site is optimized with the Yoast SEO plugin v28.4 - https:\/\/yoast.com\/product\/yoast-seo-wordpress\/ -->\n<title>Fotoliile din Parlament, mai importante dec\u00e2t Guvernul: PNL \u0219i USR blocheaz\u0103 activitatea Camerei pentru dou\u0103 func\u021bii pierdute - mediaonlinecl.ro<\/title>\n<meta name=\"robots\" content=\"index, follow, max-snippet:-1, max-image-preview:large, max-video-preview:-1\" \/>\n<link rel=\"canonical\" href=\"https:\/\/mediaonlinecl.ro\/index.php\/2026\/09\/03\/fotoliile-din-parlament-mai-importante-decat-guvernul-pnl-si-usr-blocheaza-activitatea-camerei-pentru-doua-functii-pierdute\/\" \/>\n<meta property=\"og:locale\" content=\"ro_RO\" \/>\n<meta property=\"og:type\" content=\"article\" \/>\n<meta property=\"og:title\" content=\"Fotoliile din Parlament, mai importante dec\u00e2t Guvernul: PNL \u0219i USR blocheaz\u0103 activitatea Camerei pentru dou\u0103 func\u021bii pierdute - mediaonlinecl.ro\" \/>\n<meta property=\"og:description\" content=\"PSD: Rom\u00e2nia r\u0103m\u00e2ne f\u0103r\u0103 un Guvern plin, \u00eens\u0103 priorit\u0103\u021bile de la v\u00e2rful PNL \u0219i USR...\" \/>\n<meta property=\"og:url\" content=\"https:\/\/mediaonlinecl.ro\/index.php\/2026\/09\/03\/fotoliile-din-parlament-mai-importante-decat-guvernul-pnl-si-usr-blocheaza-activitatea-camerei-pentru-doua-functii-pierdute\/\" \/>\n<meta property=\"og:site_name\" content=\"mediaonlinecl.ro\" \/>\n<meta property=\"article:published_time\" content=\"2026-09-03T07:29:50+00:00\" \/>\n<meta property=\"article:modified_time\" content=\"2026-09-04T07:31:23+00:00\" \/>\n<meta property=\"og:image\" content=\"https:\/\/mediaonlinecl.ro\/wp-content\/uploads\/2025\/11\/psd.jpg\" \/>\n\t<meta property=\"og:image:width\" content=\"1080\" \/>\n\t<meta property=\"og:image:height\" content=\"810\" \/>\n\t<meta property=\"og:image:type\" content=\"image\/jpeg\" \/>\n<meta name=\"author\" content=\"Stoica Marinel\" \/>\n<meta name=\"twitter:card\" content=\"summary_large_image\" \/>\n<meta name=\"twitter:label1\" content=\"Scris de\" \/>\n\t<meta name=\"twitter:data1\" content=\"Stoica Marinel\" \/>\n\t<meta name=\"twitter:label2\" content=\"Timp estimat pentru citire\" \/>\n\t<meta name=\"twitter:data2\" content=\"2 minute\" \/>\n<script type=\"application\/ld+json\" class=\"yoast-schema-graph\">{\"@context\":\"https:\\\/\\\/schema.org\",\"@graph\":[{\"@type\":\"Article\",\"@id\":\"https:\\\/\\\/mediaonlinecl.ro\\\/index.php\\\/2026\\\/09\\\/03\\\/fotoliile-din-parlament-mai-importante-decat-guvernul-pnl-si-usr-blocheaza-activitatea-camerei-pentru-doua-functii-pierdute\\\/#article\",\"isPartOf\":{\"@id\":\"https:\\\/\\\/mediaonlinecl.ro\\\/index.php\\\/2026\\\/09\\\/03\\\/fotoliile-din-parlament-mai-importante-decat-guvernul-pnl-si-usr-blocheaza-activitatea-camerei-pentru-doua-functii-pierdute\\\/\"},\"author\":{\"name\":\"Stoica Marinel\",\"@id\":\"https:\\\/\\\/mediaonlinecl.ro\\\/#\\\/schema\\\/person\\\/d7677942ea36ed6a234597de2c5cdd97\"},\"headline\":\"Fotoliile din Parlament, mai importante dec\u00e2t Guvernul: PNL \u0219i USR blocheaz\u0103 activitatea Camerei pentru dou\u0103 func\u021bii pierdute\",\"datePublished\":\"2026-09-03T07:29:50+00:00\",\"dateModified\":\"2026-09-04T07:31:23+00:00\",\"mainEntityOfPage\":{\"@id\":\"https:\\\/\\\/mediaonlinecl.ro\\\/index.php\\\/2026\\\/09\\\/03\\\/fotoliile-din-parlament-mai-importante-decat-guvernul-pnl-si-usr-blocheaza-activitatea-camerei-pentru-doua-functii-pierdute\\\/\"},\"wordCount\":281,\"commentCount\":0,\"publisher\":{\"@id\":\"https:\\\/\\\/mediaonlinecl.ro\\\/#\\\/schema\\\/person\\\/d034a4e1559d775fc146092e326cec92\"},\"image\":{\"@id\":\"https:\\\/\\\/mediaonlinecl.ro\\\/index.php\\\/2026\\\/09\\\/03\\\/fotoliile-din-parlament-mai-importante-decat-guvernul-pnl-si-usr-blocheaza-activitatea-camerei-pentru-doua-functii-pierdute\\\/#primaryimage\"},\"thumbnailUrl\":\"https:\\\/\\\/mediaonlinecl.ro\\\/wp-content\\\/uploads\\\/2025\\\/11\\\/psd.jpg\",\"keywords\":[\"Calarasi\",\"materiale informative\"],\"articleSection\":[\"INFO\",\"Politica\"],\"inLanguage\":\"ro-RO\",\"potentialAction\":[{\"@type\":\"CommentAction\",\"name\":\"Comment\",\"target\":[\"https:\\\/\\\/mediaonlinecl.ro\\\/index.php\\\/2026\\\/09\\\/03\\\/fotoliile-din-parlament-mai-importante-decat-guvernul-pnl-si-usr-blocheaza-activitatea-camerei-pentru-doua-functii-pierdute\\\/#respond\"]}]},{\"@type\":\"WebPage\",\"@id\":\"https:\\\/\\\/mediaonlinecl.ro\\\/index.php\\\/2026\\\/09\\\/03\\\/fotoliile-din-parlament-mai-importante-decat-guvernul-pnl-si-usr-blocheaza-activitatea-camerei-pentru-doua-functii-pierdute\\\/\",\"url\":\"https:\\\/\\\/mediaonlinecl.ro\\\/index.php\\\/2026\\\/09\\\/03\\\/fotoliile-din-parlament-mai-importante-decat-guvernul-pnl-si-usr-blocheaza-activitatea-camerei-pentru-doua-functii-pierdute\\\/\",\"name\":\"Fotoliile din Parlament, mai importante dec\u00e2t Guvernul: PNL \u0219i USR blocheaz\u0103 activitatea Camerei pentru dou\u0103 func\u021bii pierdute - mediaonlinecl.ro\",\"isPartOf\":{\"@id\":\"https:\\\/\\\/mediaonlinecl.ro\\\/#website\"},\"primaryImageOfPage\":{\"@id\":\"https:\\\/\\\/mediaonlinecl.ro\\\/index.php\\\/2026\\\/09\\\/03\\\/fotoliile-din-parlament-mai-importante-decat-guvernul-pnl-si-usr-blocheaza-activitatea-camerei-pentru-doua-functii-pierdute\\\/#primaryimage\"},\"image\":{\"@id\":\"https:\\\/\\\/mediaonlinecl.ro\\\/index.php\\\/2026\\\/09\\\/03\\\/fotoliile-din-parlament-mai-importante-decat-guvernul-pnl-si-usr-blocheaza-activitatea-camerei-pentru-doua-functii-pierdute\\\/#primaryimage\"},\"thumbnailUrl\":\"https:\\\/\\\/mediaonlinecl.ro\\\/wp-content\\\/uploads\\\/2025\\\/11\\\/psd.jpg\",\"datePublished\":\"2026-09-03T07:29:50+00:00\",\"dateModified\":\"2026-09-04T07:31:23+00:00\",\"breadcrumb\":{\"@id\":\"https:\\\/\\\/mediaonlinecl.ro\\\/index.php\\\/2026\\\/09\\\/03\\\/fotoliile-din-parlament-mai-importante-decat-guvernul-pnl-si-usr-blocheaza-activitatea-camerei-pentru-doua-functii-pierdute\\\/#breadcrumb\"},\"inLanguage\":\"ro-RO\",\"potentialAction\":[{\"@type\":\"ReadAction\",\"target\":[\"https:\\\/\\\/mediaonlinecl.ro\\\/index.php\\\/2026\\\/09\\\/03\\\/fotoliile-din-parlament-mai-importante-decat-guvernul-pnl-si-usr-blocheaza-activitatea-camerei-pentru-doua-functii-pierdute\\\/\"]}]},{\"@type\":\"ImageObject\",\"inLanguage\":\"ro-RO\",\"@id\":\"https:\\\/\\\/mediaonlinecl.ro\\\/index.php\\\/2026\\\/09\\\/03\\\/fotoliile-din-parlament-mai-importante-decat-guvernul-pnl-si-usr-blocheaza-activitatea-camerei-pentru-doua-functii-pierdute\\\/#primaryimage\",\"url\":\"https:\\\/\\\/mediaonlinecl.ro\\\/wp-content\\\/uploads\\\/2025\\\/11\\\/psd.jpg\",\"contentUrl\":\"https:\\\/\\\/mediaonlinecl.ro\\\/wp-content\\\/uploads\\\/2025\\\/11\\\/psd.jpg\",\"width\":1080,\"height\":810},{\"@type\":\"BreadcrumbList\",\"@id\":\"https:\\\/\\\/mediaonlinecl.ro\\\/index.php\\\/2026\\\/09\\\/03\\\/fotoliile-din-parlament-mai-importante-decat-guvernul-pnl-si-usr-blocheaza-activitatea-camerei-pentru-doua-functii-pierdute\\\/#breadcrumb\",\"itemListElement\":[{\"@type\":\"ListItem\",\"position\":1,\"name\":\"Prima pagin\u0103\",\"item\":\"https:\\\/\\\/mediaonlinecl.ro\\\/\"},{\"@type\":\"ListItem\",\"position\":2,\"name\":\"Fotoliile din Parlament, mai importante dec\u00e2t Guvernul: PNL \u0219i USR blocheaz\u0103 activitatea Camerei pentru dou\u0103 func\u021bii pierdute\"}]},{\"@type\":\"WebSite\",\"@id\":\"https:\\\/\\\/mediaonlinecl.ro\\\/#website\",\"url\":\"https:\\\/\\\/mediaonlinecl.ro\\\/\",\"name\":\"mediaonlinecl.ro\",\"description\":\"Stiri online Calarasi\",\"publisher\":{\"@id\":\"https:\\\/\\\/mediaonlinecl.ro\\\/#\\\/schema\\\/person\\\/d034a4e1559d775fc146092e326cec92\"},\"potentialAction\":[{\"@type\":\"SearchAction\",\"target\":{\"@type\":\"EntryPoint\",\"urlTemplate\":\"https:\\\/\\\/mediaonlinecl.ro\\\/?s={search_term_string}\"},\"query-input\":{\"@type\":\"PropertyValueSpecification\",\"valueRequired\":true,\"valueName\":\"search_term_string\"}}],\"inLanguage\":\"ro-RO\"},{\"@type\":[\"Person\",\"Organization\"],\"@id\":\"https:\\\/\\\/mediaonlinecl.ro\\\/#\\\/schema\\\/person\\\/d034a4e1559d775fc146092e326cec92\",\"name\":\"mediaonlinecl.ro\",\"image\":{\"@type\":\"ImageObject\",\"inLanguage\":\"ro-RO\",\"@id\":\"https:\\\/\\\/secure.gravatar.com\\\/avatar\\\/d470f50a7361008ecde3fa503e364abe6c860513eb6677a70a09062088e3392e?s=96&d=mm&r=g\",\"url\":\"https:\\\/\\\/secure.gravatar.com\\\/avatar\\\/d470f50a7361008ecde3fa503e364abe6c860513eb6677a70a09062088e3392e?s=96&d=mm&r=g\",\"contentUrl\":\"https:\\\/\\\/secure.gravatar.com\\\/avatar\\\/d470f50a7361008ecde3fa503e364abe6c860513eb6677a70a09062088e3392e?s=96&d=mm&r=g\",\"caption\":\"mediaonlinecl.ro\"},\"logo\":{\"@id\":\"https:\\\/\\\/secure.gravatar.com\\\/avatar\\\/d470f50a7361008ecde3fa503e364abe6c860513eb6677a70a09062088e3392e?s=96&d=mm&r=g\"},\"sameAs\":[\"http:\\\/\\\/www.mediaonlinecl.ro\"]},{\"@type\":\"Person\",\"@id\":\"https:\\\/\\\/mediaonlinecl.ro\\\/#\\\/schema\\\/person\\\/d7677942ea36ed6a234597de2c5cdd97\",\"name\":\"Stoica Marinel\",\"image\":{\"@type\":\"ImageObject\",\"inLanguage\":\"ro-RO\",\"@id\":\"https:\\\/\\\/secure.gravatar.com\\\/avatar\\\/f7e06ba52f08bca37036c999591469a1660d6c1d99b56b44738fac120c9ccdcc?s=96&d=mm&r=g\",\"url\":\"https:\\\/\\\/secure.gravatar.com\\\/avatar\\\/f7e06ba52f08bca37036c999591469a1660d6c1d99b56b44738fac120c9ccdcc?s=96&d=mm&r=g\",\"contentUrl\":\"https:\\\/\\\/secure.gravatar.com\\\/avatar\\\/f7e06ba52f08bca37036c999591469a1660d6c1d99b56b44738fac120c9ccdcc?s=96&d=mm&r=g\",\"caption\":\"Stoica Marinel\"},\"sameAs\":[\"http:\\\/\\\/www.mediaonlinecl.ro\"],\"url\":\"https:\\\/\\\/mediaonlinecl.ro\\\/index.php\\\/author\\\/stoica\\\/\"}]}<\/script>\n<!-- \/ Yoast SEO plugin. -->","yoast_head_json":{"title":"Fotoliile din Parlament, mai importante dec\u00e2t Guvernul: PNL \u0219i USR blocheaz\u0103 activitatea Camerei pentru dou\u0103 func\u021bii pierdute - mediaonlinecl.ro","robots":{"index":"index","follow":"follow","max-snippet":"max-snippet:-1","max-image-preview":"max-image-preview:large","max-video-preview":"max-video-preview:-1"},"canonical":"https:\/\/mediaonlinecl.ro\/index.php\/2026\/09\/03\/fotoliile-din-parlament-mai-importante-decat-guvernul-pnl-si-usr-blocheaza-activitatea-camerei-pentru-doua-functii-pierdute\/","og_locale":"ro_RO","og_type":"article","og_title":"Fotoliile din Parlament, mai importante dec\u00e2t Guvernul: PNL \u0219i USR blocheaz\u0103 activitatea Camerei pentru dou\u0103 func\u021bii pierdute - mediaonlinecl.ro","og_description":"PSD: Rom\u00e2nia r\u0103m\u00e2ne f\u0103r\u0103 un Guvern plin, \u00eens\u0103 priorit\u0103\u021bile de la v\u00e2rful PNL \u0219i USR...","og_url":"https:\/\/mediaonlinecl.ro\/index.php\/2026\/09\/03\/fotoliile-din-parlament-mai-importante-decat-guvernul-pnl-si-usr-blocheaza-activitatea-camerei-pentru-doua-functii-pierdute\/","og_site_name":"mediaonlinecl.ro","article_published_time":"2026-09-03T07:29:50+00:00","article_modified_time":"2026-09-04T07:31:23+00:00","og_image":[{"width":1080,"height":810,"url":"https:\/\/mediaonlinecl.ro\/wp-content\/uploads\/2025\/11\/psd.jpg","type":"image\/jpeg"}],"author":"Stoica Marinel","twitter_card":"summary_large_image","twitter_misc":{"Scris de":"Stoica Marinel","Timp estimat pentru citire":"2 minute"},"schema":{"@context":"https:\/\/schema.org","@graph":[{"@type":"Article","@id":"https:\/\/mediaonlinecl.ro\/index.php\/2026\/09\/03\/fotoliile-din-parlament-mai-importante-decat-guvernul-pnl-si-usr-blocheaza-activitatea-camerei-pentru-doua-functii-pierdute\/#article","isPartOf":{"@id":"https:\/\/mediaonlinecl.ro\/index.php\/2026\/09\/03\/fotoliile-din-parlament-mai-importante-decat-guvernul-pnl-si-usr-blocheaza-activitatea-camerei-pentru-doua-functii-pierdute\/"},"author":{"name":"Stoica Marinel","@id":"https:\/\/mediaonlinecl.ro\/#\/schema\/person\/d7677942ea36ed6a234597de2c5cdd97"},"headline":"Fotoliile din Parlament, mai importante dec\u00e2t Guvernul: PNL \u0219i USR blocheaz\u0103 activitatea Camerei pentru dou\u0103 func\u021bii pierdute","datePublished":"2026-09-03T07:29:50+00:00","dateModified":"2026-09-04T07:31:23+00:00","mainEntityOfPage":{"@id":"https:\/\/mediaonlinecl.ro\/index.php\/2026\/09\/03\/fotoliile-din-parlament-mai-importante-decat-guvernul-pnl-si-usr-blocheaza-activitatea-camerei-pentru-doua-functii-pierdute\/"},"wordCount":281,"commentCount":0,"publisher":{"@id":"https:\/\/mediaonlinecl.ro\/#\/schema\/person\/d034a4e1559d775fc146092e326cec92"},"image":{"@id":"https:\/\/mediaonlinecl.ro\/index.php\/2026\/09\/03\/fotoliile-din-parlament-mai-importante-decat-guvernul-pnl-si-usr-blocheaza-activitatea-camerei-pentru-doua-functii-pierdute\/#primaryimage"},"thumbnailUrl":"https:\/\/mediaonlinecl.ro\/wp-content\/uploads\/2025\/11\/psd.jpg","keywords":["Calarasi","materiale informative"],"articleSection":["INFO","Politica"],"inLanguage":"ro-RO","potentialAction":[{"@type":"CommentAction","name":"Comment","target":["https:\/\/mediaonlinecl.ro\/index.php\/2026\/09\/03\/fotoliile-din-parlament-mai-importante-decat-guvernul-pnl-si-usr-blocheaza-activitatea-camerei-pentru-doua-functii-pierdute\/#respond"]}]},{"@type":"WebPage","@id":"https:\/\/mediaonlinecl.ro\/index.php\/2026\/09\/03\/fotoliile-din-parlament-mai-importante-decat-guvernul-pnl-si-usr-blocheaza-activitatea-camerei-pentru-doua-functii-pierdute\/","url":"https:\/\/mediaonlinecl.ro\/index.php\/2026\/09\/03\/fotoliile-din-parlament-mai-importante-decat-guvernul-pnl-si-usr-blocheaza-activitatea-camerei-pentru-doua-functii-pierdute\/","name":"Fotoliile din Parlament, mai importante dec\u00e2t Guvernul: PNL \u0219i USR blocheaz\u0103 activitatea Camerei pentru dou\u0103 func\u021bii pierdute - mediaonlinecl.ro","isPartOf":{"@id":"https:\/\/mediaonlinecl.ro\/#website"},"primaryImageOfPage":{"@id":"https:\/\/mediaonlinecl.ro\/index.php\/2026\/09\/03\/fotoliile-din-parlament-mai-importante-decat-guvernul-pnl-si-usr-blocheaza-activitatea-camerei-pentru-doua-functii-pierdute\/#primaryimage"},"image":{"@id":"https:\/\/mediaonlinecl.ro\/index.php\/2026\/09\/03\/fotoliile-din-parlament-mai-importante-decat-guvernul-pnl-si-usr-blocheaza-activitatea-camerei-pentru-doua-functii-pierdute\/#primaryimage"},"thumbnailUrl":"https:\/\/mediaonlinecl.ro\/wp-content\/uploads\/2025\/11\/psd.jpg","datePublished":"2026-09-03T07:29:50+00:00","dateModified":"2026-09-04T07:31:23+00:00","breadcrumb":{"@id":"https:\/\/mediaonlinecl.ro\/index.php\/2026\/09\/03\/fotoliile-din-parlament-mai-importante-decat-guvernul-pnl-si-usr-blocheaza-activitatea-camerei-pentru-doua-functii-pierdute\/#breadcrumb"},"inLanguage":"ro-RO","potentialAction":[{"@type":"ReadAction","target":["https:\/\/mediaonlinecl.ro\/index.php\/2026\/09\/03\/fotoliile-din-parlament-mai-importante-decat-guvernul-pnl-si-usr-blocheaza-activitatea-camerei-pentru-doua-functii-pierdute\/"]}]},{"@type":"ImageObject","inLanguage":"ro-RO","@id":"https:\/\/mediaonlinecl.ro\/index.php\/2026\/09\/03\/fotoliile-din-parlament-mai-importante-decat-guvernul-pnl-si-usr-blocheaza-activitatea-camerei-pentru-doua-functii-pierdute\/#primaryimage","url":"https:\/\/mediaonlinecl.ro\/wp-content\/uploads\/2025\/11\/psd.jpg","contentUrl":"https:\/\/mediaonlinecl.ro\/wp-content\/uploads\/2025\/11\/psd.jpg","width":1080,"height":810},{"@type":"BreadcrumbList","@id":"https:\/\/mediaonlinecl.ro\/index.php\/2026\/09\/03\/fotoliile-din-parlament-mai-importante-decat-guvernul-pnl-si-usr-blocheaza-activitatea-camerei-pentru-doua-functii-pierdute\/#breadcrumb","itemListElement":[{"@type":"ListItem","position":1,"name":"Prima pagin\u0103","item":"https:\/\/mediaonlinecl.ro\/"},{"@type":"ListItem","position":2,"name":"Fotoliile din Parlament, mai importante dec\u00e2t Guvernul: PNL \u0219i USR blocheaz\u0103 activitatea Camerei pentru dou\u0103 func\u021bii pierdute"}]},{"@type":"WebSite","@id":"https:\/\/mediaonlinecl.ro\/#website","url":"https:\/\/mediaonlinecl.ro\/","name":"mediaonlinecl.ro","description":"Stiri online Calarasi","publisher":{"@id":"https:\/\/mediaonlinecl.ro\/#\/schema\/person\/d034a4e1559d775fc146092e326cec92"},"potentialAction":[{"@type":"SearchAction","target":{"@type":"EntryPoint","urlTemplate":"https:\/\/mediaonlinecl.ro\/?s={search_term_string}"},"query-input":{"@type":"PropertyValueSpecification","valueRequired":true,"valueName":"search_term_string"}}],"inLanguage":"ro-RO"},{"@type":["Person","Organization"],"@id":"https:\/\/mediaonlinecl.ro\/#\/schema\/person\/d034a4e1559d775fc146092e326cec92","name":"mediaonlinecl.ro","image":{"@type":"ImageObject","inLanguage":"ro-RO","@id":"https:\/\/secure.gravatar.com\/avatar\/d470f50a7361008ecde3fa503e364abe6c860513eb6677a70a09062088e3392e?s=96&d=mm&r=g","url":"https:\/\/secure.gravatar.com\/avatar\/d470f50a7361008ecde3fa503e364abe6c860513eb6677a70a09062088e3392e?s=96&d=mm&r=g","contentUrl":"https:\/\/secure.gravatar.com\/avatar\/d470f50a7361008ecde3fa503e364abe6c860513eb6677a70a09062088e3392e?s=96&d=mm&r=g","caption":"mediaonlinecl.ro"},"logo":{"@id":"https:\/\/secure.gravatar.com\/avatar\/d470f50a7361008ecde3fa503e364abe6c860513eb6677a70a09062088e3392e?s=96&d=mm&r=g"},"sameAs":["http:\/\/www.mediaonlinecl.ro"]},{"@type":"Person","@id":"https:\/\/mediaonlinecl.ro\/#\/schema\/person\/d7677942ea36ed6a234597de2c5cdd97","name":"Stoica Marinel","image":{"@type":"ImageObject","inLanguage":"ro-RO","@id":"https:\/\/secure.gravatar.com\/avatar\/f7e06ba52f08bca37036c999591469a1660d6c1d99b56b44738fac120c9ccdcc?s=96&d=mm&r=g","url":"https:\/\/secure.gravatar.com\/avatar\/f7e06ba52f08bca37036c999591469a1660d6c1d99b56b44738fac120c9ccdcc?s=96&d=mm&r=g","contentUrl":"https:\/\/secure.gravatar.com\/avatar\/f7e06ba52f08bca37036c999591469a1660d6c1d99b56b44738fac120c9ccdcc?s=96&d=mm&r=g","caption":"Stoica Marinel"},"sameAs":["http:\/\/www.mediaonlinecl.ro"],"url":"https:\/\/mediaonlinecl.ro\/index.php\/author\/stoica\/"}]}},"_links":{"self":[{"href":"https:\/\/mediaonlinecl.ro\/index.php\/wp-json\/wp\/v2\/posts\/23759","targetHints":{"allow":["GET"]}}],"collection":[{"href":"https:\/\/mediaonlinecl.ro\/index.php\/wp-json\/wp\/v2\/posts"}],"about":[{"href":"https:\/\/mediaonlinecl.ro\/index.php\/wp-json\/wp\/v2\/types\/post"}],"author":[{"embeddable":true,"href":"https:\/\/mediaonlinecl.ro\/index.php\/wp-json\/wp\/v2\/users\/3"}],"replies":[{"embeddable":true,"href":"https:\/\/mediaonlinecl.ro\/index.php\/wp-json\/wp\/v2\/comments?post=23759"}],"version-history":[{"count":1,"href":"https:\/\/mediaonlinecl.ro\/index.php\/wp-json\/wp\/v2\/posts\/23759\/revisions"}],"predecessor-version":[{"id":23760,"href":"https:\/\/mediaonlinecl.ro\/index.php\/wp-json\/wp\/v2\/posts\/23759\/revisions\/23760"}],"wp:featuredmedia":[{"embeddable":true,"href":"https:\/\/mediaonlinecl.ro\/index.php\/wp-json\/wp\/v2\/media\/19584"}],"wp:attachment":[{"href":"https:\/\/mediaonlinecl.ro\/index.php\/wp-json\/wp\/v2\/media?parent=23759"}],"wp:term":[{"taxonomy":"category","embeddable":true,"href":"https:\/\/mediaonlinecl.ro\/index.php\/wp-json\/wp\/v2\/categories?post=23759"},{"taxonomy":"post_tag","embeddable":true,"href":"https:\/\/mediaonlinecl.ro\/index.php\/wp-json\/wp\/v2\/tags?post=23759"}],"curies":[{"name":"wp","href":"https:\/\/api.w.org\/{rel}","templated":true}]}}