{"id":23764,"date":"2026-09-04T13:02:55","date_gmt":"2026-09-04T11:02:55","guid":{"rendered":"https:\/\/mediaonlinecl.ro\/?p=23764"},"modified":"2026-09-04T13:02:55","modified_gmt":"2026-09-04T11:02:55","slug":"csm-calarasi-pe-podium-la-turneul-international-boxam-si-la-campionatul-national-feminin","status":"publish","type":"post","link":"https:\/\/mediaonlinecl.ro\/index.php\/2026\/09\/04\/csm-calarasi-pe-podium-la-turneul-international-boxam-si-la-campionatul-national-feminin\/","title":{"rendered":"CSM C\u0103l\u0103ra\u0219i pe podium la Turneul Interna\u021bional BOXAM \u0219i la Campionatul Na\u021bional Feminin"},"content":{"rendered":"\n<p class=\"wp-block-paragraph\">Sportivii sec\u021biei de box a clubului CSM C\u0103l\u0103ra\u0219i au avut o s\u0103pt\u0103m\u00e2n\u0103 excelent\u0103, ob\u021bin\u00e2nd performan\u021be remarcabile \u00een cadrul a dou\u0103 competi\u021bii majore desf\u0103\u0219urate \u00een paralel: meciurile de gal\u0103 din Spania, la Turneul Interna\u021bional BOXAM, \u0219i confrunt\u0103rile de la Campionatul Na\u021bional Feminin de la Eforie.<\/p>\n\n\n\n<p class=\"wp-block-paragraph\">\u00cen cadrul turneului din Spania, pugili\u0219tii c\u0103l\u0103r\u0103\u0219eni au demonstrat o preg\u0103tire tehnic\u0103 \u0219i tactic\u0103 de excep\u021bie:<\/p>\n\n\n\n<ul class=\"wp-block-list\">\n<li><strong>David Popescu (U15) a<\/strong> cucerit <strong>Locul I<\/strong> \u0219i medalia de aur, \u00eencheind competi\u021bia ne\u00eenvins, dup\u0103 un parcurs spectaculos marcat de victorii categorice.<\/li>\n\n\n\n<li><strong>Aura\u0219 Cantar (U15) a<\/strong> ob\u021binut <strong>Locul II<\/strong> \u0219i medalia de argint, dup\u0103 o final\u0103 extrem de echilibrat\u0103 disputat\u0103 \u00een compania vicecampionului Asiei. Presta\u021bia sa confirm\u0103 forma excelent\u0103 \u0219i reprezint\u0103 un test de preg\u0103tire extrem de util pentru viitoarele obiective interna\u021bionale.<\/li>\n\n\n\n<li><strong>Cristi Andrei Ca\u0219u s<\/strong>-a calificat \u00een marea final\u0103 unde lupt\u0103 pentru aur \u00eempotriva reprezentantului \u021b\u0103rii gazd\u0103, Spania, dup\u0103 o evolu\u021bie sigur\u0103 \u0219i o victorie zdrobitoare prin RSC (oprirea meciului de c\u0103tre arbitru) \u00eenc\u0103 din prima repriz\u0103 \u00een fa\u021ba pugilistului din Turkmenistan.<\/li>\n\n\n\n<li><strong>Thomas Varan a<\/strong> \u00eencheiat evolu\u021bia din acest turneu \u00een urma unui meci disputat, confruntare ce ofer\u0103 experien\u021b\u0103 valoroas\u0103 pentru competi\u021biile viitoare.<\/li>\n<\/ul>\n\n\n\n<p class=\"wp-block-paragraph\">Delega\u021bia din Spania a fost condus\u0103 de antrenorul clubului c\u0103l\u0103r\u0103\u0219ean, <strong>Georgian Anghel<\/strong>, care, al\u0103turi de tehnicienii <strong>Radu Zarif<\/strong> \u0219i <strong>Sorin Gherghescu<\/strong>, face parte din colectivul tehnic responsabil de preg\u0103tirea loturilor na\u021bionale de juniori ale Rom\u00e2niei.<\/p>\n\n\n\n<p class=\"wp-block-paragraph\">\u00cen paralel, pugilistele legitimitate la CSM C\u0103l\u0103ra\u0219i au urcat pe podiumul Campionatului Na\u021bional Feminin desf\u0103\u0219urat la Eforie:<\/p>\n\n\n\n<ul class=\"wp-block-list\">\n<li><strong>Selin Ibram<\/strong> s-a calificat \u00een <strong>final\u0103<\/strong> \u0219i va urca \u00een ring pentru cucerirea titlului de campioan\u0103 na\u021bional\u0103.<\/li>\n\n\n\n<li><strong>Nicoleta Anton<\/strong> a avansat \u00een <strong>semifinale<\/strong>, men\u021bin\u00e2ndu-se \u00een cursa direct\u0103 pentru un loc \u00een marea final\u0103.<\/li>\n\n\n\n<li><strong>Irina Palaghia<\/strong> \u00ee\u0219i \u00eencheie parcursul competi\u021bional \u00een faza semifinalelor, adjudec\u00e2ndu-\u0219i <strong>medalia de bronz<\/strong>.<\/li>\n<\/ul>\n\n\n\n<p class=\"wp-block-paragraph\">Rezultatele ob\u021binute reconfirm\u0103 statutul de centru de elit\u0103 al boxului c\u0103l\u0103r\u0103\u0219ean pe harta sportului na\u021bional \u0219i interna\u021bional.<\/p>\n","protected":false},"excerpt":{"rendered":"<p>Sportivii sec\u021biei de box a clubului CSM C\u0103l\u0103ra\u0219i au avut o s\u0103pt\u0103m\u00e2n\u0103 excelent\u0103, ob\u021bin\u00e2nd performan\u021be&#8230;<\/p>\n","protected":false},"author":3,"featured_media":23765,"comment_status":"open","ping_status":"open","sticky":false,"template":"","format":"standard","meta":{"_eb_attr":"","footnotes":""},"categories":[13,64],"tags":[24,20],"class_list":["post-23764","post","type-post","status-publish","format-standard","has-post-thumbnail","hentry","category-info","category-sport","tag-calarasi","tag-materiale-informative"],"yoast_head":"<!-- This site is optimized with the Yoast SEO plugin v28.4 - https:\/\/yoast.com\/product\/yoast-seo-wordpress\/ -->\n<title>CSM C\u0103l\u0103ra\u0219i pe podium la Turneul Interna\u021bional BOXAM \u0219i la Campionatul Na\u021bional Feminin - mediaonlinecl.ro<\/title>\n<meta name=\"robots\" content=\"index, follow, max-snippet:-1, max-image-preview:large, max-video-preview:-1\" \/>\n<link rel=\"canonical\" href=\"https:\/\/mediaonlinecl.ro\/index.php\/2026\/09\/04\/csm-calarasi-pe-podium-la-turneul-international-boxam-si-la-campionatul-national-feminin\/\" \/>\n<meta property=\"og:locale\" content=\"ro_RO\" \/>\n<meta property=\"og:type\" content=\"article\" \/>\n<meta property=\"og:title\" content=\"CSM C\u0103l\u0103ra\u0219i pe podium la Turneul Interna\u021bional BOXAM \u0219i la Campionatul Na\u021bional Feminin - mediaonlinecl.ro\" \/>\n<meta property=\"og:description\" content=\"Sportivii sec\u021biei de box a clubului CSM C\u0103l\u0103ra\u0219i au avut o s\u0103pt\u0103m\u00e2n\u0103 excelent\u0103, ob\u021bin\u00e2nd performan\u021be...\" \/>\n<meta property=\"og:url\" content=\"https:\/\/mediaonlinecl.ro\/index.php\/2026\/09\/04\/csm-calarasi-pe-podium-la-turneul-international-boxam-si-la-campionatul-national-feminin\/\" \/>\n<meta property=\"og:site_name\" content=\"mediaonlinecl.ro\" \/>\n<meta property=\"article:published_time\" content=\"2026-09-04T11:02:55+00:00\" \/>\n<meta property=\"og:image\" content=\"https:\/\/mediaonlinecl.ro\/wp-content\/uploads\/2026\/09\/csm.jpg\" \/>\n\t<meta property=\"og:image:width\" content=\"732\" \/>\n\t<meta property=\"og:image:height\" content=\"915\" \/>\n\t<meta property=\"og:image:type\" content=\"image\/jpeg\" \/>\n<meta name=\"author\" content=\"Stoica Marinel\" \/>\n<meta name=\"twitter:card\" content=\"summary_large_image\" \/>\n<meta name=\"twitter:label1\" content=\"Scris de\" \/>\n\t<meta name=\"twitter:data1\" content=\"Stoica Marinel\" \/>\n\t<meta name=\"twitter:label2\" content=\"Timp estimat pentru citire\" \/>\n\t<meta name=\"twitter:data2\" content=\"2 minute\" \/>\n<script type=\"application\/ld+json\" class=\"yoast-schema-graph\">{\"@context\":\"https:\\\/\\\/schema.org\",\"@graph\":[{\"@type\":\"Article\",\"@id\":\"https:\\\/\\\/mediaonlinecl.ro\\\/index.php\\\/2026\\\/09\\\/04\\\/csm-calarasi-pe-podium-la-turneul-international-boxam-si-la-campionatul-national-feminin\\\/#article\",\"isPartOf\":{\"@id\":\"https:\\\/\\\/mediaonlinecl.ro\\\/index.php\\\/2026\\\/09\\\/04\\\/csm-calarasi-pe-podium-la-turneul-international-boxam-si-la-campionatul-national-feminin\\\/\"},\"author\":{\"name\":\"Stoica Marinel\",\"@id\":\"https:\\\/\\\/mediaonlinecl.ro\\\/#\\\/schema\\\/person\\\/d7677942ea36ed6a234597de2c5cdd97\"},\"headline\":\"CSM C\u0103l\u0103ra\u0219i pe podium la Turneul Interna\u021bional BOXAM \u0219i la Campionatul Na\u021bional Feminin\",\"datePublished\":\"2026-09-04T11:02:55+00:00\",\"mainEntityOfPage\":{\"@id\":\"https:\\\/\\\/mediaonlinecl.ro\\\/index.php\\\/2026\\\/09\\\/04\\\/csm-calarasi-pe-podium-la-turneul-international-boxam-si-la-campionatul-national-feminin\\\/\"},\"wordCount\":375,\"commentCount\":0,\"publisher\":{\"@id\":\"https:\\\/\\\/mediaonlinecl.ro\\\/#\\\/schema\\\/person\\\/d034a4e1559d775fc146092e326cec92\"},\"image\":{\"@id\":\"https:\\\/\\\/mediaonlinecl.ro\\\/index.php\\\/2026\\\/09\\\/04\\\/csm-calarasi-pe-podium-la-turneul-international-boxam-si-la-campionatul-national-feminin\\\/#primaryimage\"},\"thumbnailUrl\":\"https:\\\/\\\/mediaonlinecl.ro\\\/wp-content\\\/uploads\\\/2026\\\/09\\\/csm.jpg\",\"keywords\":[\"Calarasi\",\"materiale informative\"],\"articleSection\":[\"INFO\",\"Sport\"],\"inLanguage\":\"ro-RO\",\"potentialAction\":[{\"@type\":\"CommentAction\",\"name\":\"Comment\",\"target\":[\"https:\\\/\\\/mediaonlinecl.ro\\\/index.php\\\/2026\\\/09\\\/04\\\/csm-calarasi-pe-podium-la-turneul-international-boxam-si-la-campionatul-national-feminin\\\/#respond\"]}]},{\"@type\":\"WebPage\",\"@id\":\"https:\\\/\\\/mediaonlinecl.ro\\\/index.php\\\/2026\\\/09\\\/04\\\/csm-calarasi-pe-podium-la-turneul-international-boxam-si-la-campionatul-national-feminin\\\/\",\"url\":\"https:\\\/\\\/mediaonlinecl.ro\\\/index.php\\\/2026\\\/09\\\/04\\\/csm-calarasi-pe-podium-la-turneul-international-boxam-si-la-campionatul-national-feminin\\\/\",\"name\":\"CSM C\u0103l\u0103ra\u0219i pe podium la Turneul Interna\u021bional BOXAM \u0219i la Campionatul Na\u021bional Feminin - mediaonlinecl.ro\",\"isPartOf\":{\"@id\":\"https:\\\/\\\/mediaonlinecl.ro\\\/#website\"},\"primaryImageOfPage\":{\"@id\":\"https:\\\/\\\/mediaonlinecl.ro\\\/index.php\\\/2026\\\/09\\\/04\\\/csm-calarasi-pe-podium-la-turneul-international-boxam-si-la-campionatul-national-feminin\\\/#primaryimage\"},\"image\":{\"@id\":\"https:\\\/\\\/mediaonlinecl.ro\\\/index.php\\\/2026\\\/09\\\/04\\\/csm-calarasi-pe-podium-la-turneul-international-boxam-si-la-campionatul-national-feminin\\\/#primaryimage\"},\"thumbnailUrl\":\"https:\\\/\\\/mediaonlinecl.ro\\\/wp-content\\\/uploads\\\/2026\\\/09\\\/csm.jpg\",\"datePublished\":\"2026-09-04T11:02:55+00:00\",\"breadcrumb\":{\"@id\":\"https:\\\/\\\/mediaonlinecl.ro\\\/index.php\\\/2026\\\/09\\\/04\\\/csm-calarasi-pe-podium-la-turneul-international-boxam-si-la-campionatul-national-feminin\\\/#breadcrumb\"},\"inLanguage\":\"ro-RO\",\"potentialAction\":[{\"@type\":\"ReadAction\",\"target\":[\"https:\\\/\\\/mediaonlinecl.ro\\\/index.php\\\/2026\\\/09\\\/04\\\/csm-calarasi-pe-podium-la-turneul-international-boxam-si-la-campionatul-national-feminin\\\/\"]}]},{\"@type\":\"ImageObject\",\"inLanguage\":\"ro-RO\",\"@id\":\"https:\\\/\\\/mediaonlinecl.ro\\\/index.php\\\/2026\\\/09\\\/04\\\/csm-calarasi-pe-podium-la-turneul-international-boxam-si-la-campionatul-national-feminin\\\/#primaryimage\",\"url\":\"https:\\\/\\\/mediaonlinecl.ro\\\/wp-content\\\/uploads\\\/2026\\\/09\\\/csm.jpg\",\"contentUrl\":\"https:\\\/\\\/mediaonlinecl.ro\\\/wp-content\\\/uploads\\\/2026\\\/09\\\/csm.jpg\",\"width\":732,\"height\":915},{\"@type\":\"BreadcrumbList\",\"@id\":\"https:\\\/\\\/mediaonlinecl.ro\\\/index.php\\\/2026\\\/09\\\/04\\\/csm-calarasi-pe-podium-la-turneul-international-boxam-si-la-campionatul-national-feminin\\\/#breadcrumb\",\"itemListElement\":[{\"@type\":\"ListItem\",\"position\":1,\"name\":\"Prima pagin\u0103\",\"item\":\"https:\\\/\\\/mediaonlinecl.ro\\\/\"},{\"@type\":\"ListItem\",\"position\":2,\"name\":\"CSM C\u0103l\u0103ra\u0219i pe podium la Turneul Interna\u021bional BOXAM \u0219i la Campionatul Na\u021bional Feminin\"}]},{\"@type\":\"WebSite\",\"@id\":\"https:\\\/\\\/mediaonlinecl.ro\\\/#website\",\"url\":\"https:\\\/\\\/mediaonlinecl.ro\\\/\",\"name\":\"mediaonlinecl.ro\",\"description\":\"Stiri online Calarasi\",\"publisher\":{\"@id\":\"https:\\\/\\\/mediaonlinecl.ro\\\/#\\\/schema\\\/person\\\/d034a4e1559d775fc146092e326cec92\"},\"potentialAction\":[{\"@type\":\"SearchAction\",\"target\":{\"@type\":\"EntryPoint\",\"urlTemplate\":\"https:\\\/\\\/mediaonlinecl.ro\\\/?s={search_term_string}\"},\"query-input\":{\"@type\":\"PropertyValueSpecification\",\"valueRequired\":true,\"valueName\":\"search_term_string\"}}],\"inLanguage\":\"ro-RO\"},{\"@type\":[\"Person\",\"Organization\"],\"@id\":\"https:\\\/\\\/mediaonlinecl.ro\\\/#\\\/schema\\\/person\\\/d034a4e1559d775fc146092e326cec92\",\"name\":\"mediaonlinecl.ro\",\"image\":{\"@type\":\"ImageObject\",\"inLanguage\":\"ro-RO\",\"@id\":\"https:\\\/\\\/secure.gravatar.com\\\/avatar\\\/d470f50a7361008ecde3fa503e364abe6c860513eb6677a70a09062088e3392e?s=96&d=mm&r=g\",\"url\":\"https:\\\/\\\/secure.gravatar.com\\\/avatar\\\/d470f50a7361008ecde3fa503e364abe6c860513eb6677a70a09062088e3392e?s=96&d=mm&r=g\",\"contentUrl\":\"https:\\\/\\\/secure.gravatar.com\\\/avatar\\\/d470f50a7361008ecde3fa503e364abe6c860513eb6677a70a09062088e3392e?s=96&d=mm&r=g\",\"caption\":\"mediaonlinecl.ro\"},\"logo\":{\"@id\":\"https:\\\/\\\/secure.gravatar.com\\\/avatar\\\/d470f50a7361008ecde3fa503e364abe6c860513eb6677a70a09062088e3392e?s=96&d=mm&r=g\"},\"sameAs\":[\"http:\\\/\\\/www.mediaonlinecl.ro\"]},{\"@type\":\"Person\",\"@id\":\"https:\\\/\\\/mediaonlinecl.ro\\\/#\\\/schema\\\/person\\\/d7677942ea36ed6a234597de2c5cdd97\",\"name\":\"Stoica Marinel\",\"image\":{\"@type\":\"ImageObject\",\"inLanguage\":\"ro-RO\",\"@id\":\"https:\\\/\\\/secure.gravatar.com\\\/avatar\\\/f7e06ba52f08bca37036c999591469a1660d6c1d99b56b44738fac120c9ccdcc?s=96&d=mm&r=g\",\"url\":\"https:\\\/\\\/secure.gravatar.com\\\/avatar\\\/f7e06ba52f08bca37036c999591469a1660d6c1d99b56b44738fac120c9ccdcc?s=96&d=mm&r=g\",\"contentUrl\":\"https:\\\/\\\/secure.gravatar.com\\\/avatar\\\/f7e06ba52f08bca37036c999591469a1660d6c1d99b56b44738fac120c9ccdcc?s=96&d=mm&r=g\",\"caption\":\"Stoica Marinel\"},\"sameAs\":[\"http:\\\/\\\/www.mediaonlinecl.ro\"],\"url\":\"https:\\\/\\\/mediaonlinecl.ro\\\/index.php\\\/author\\\/stoica\\\/\"}]}<\/script>\n<!-- \/ Yoast SEO plugin. -->","yoast_head_json":{"title":"CSM C\u0103l\u0103ra\u0219i pe podium la Turneul Interna\u021bional BOXAM \u0219i la Campionatul Na\u021bional Feminin - mediaonlinecl.ro","robots":{"index":"index","follow":"follow","max-snippet":"max-snippet:-1","max-image-preview":"max-image-preview:large","max-video-preview":"max-video-preview:-1"},"canonical":"https:\/\/mediaonlinecl.ro\/index.php\/2026\/09\/04\/csm-calarasi-pe-podium-la-turneul-international-boxam-si-la-campionatul-national-feminin\/","og_locale":"ro_RO","og_type":"article","og_title":"CSM C\u0103l\u0103ra\u0219i pe podium la Turneul Interna\u021bional BOXAM \u0219i la Campionatul Na\u021bional Feminin - mediaonlinecl.ro","og_description":"Sportivii sec\u021biei de box a clubului CSM C\u0103l\u0103ra\u0219i au avut o s\u0103pt\u0103m\u00e2n\u0103 excelent\u0103, ob\u021bin\u00e2nd performan\u021be...","og_url":"https:\/\/mediaonlinecl.ro\/index.php\/2026\/09\/04\/csm-calarasi-pe-podium-la-turneul-international-boxam-si-la-campionatul-national-feminin\/","og_site_name":"mediaonlinecl.ro","article_published_time":"2026-09-04T11:02:55+00:00","og_image":[{"width":732,"height":915,"url":"https:\/\/mediaonlinecl.ro\/wp-content\/uploads\/2026\/09\/csm.jpg","type":"image\/jpeg"}],"author":"Stoica Marinel","twitter_card":"summary_large_image","twitter_misc":{"Scris de":"Stoica Marinel","Timp estimat pentru citire":"2 minute"},"schema":{"@context":"https:\/\/schema.org","@graph":[{"@type":"Article","@id":"https:\/\/mediaonlinecl.ro\/index.php\/2026\/09\/04\/csm-calarasi-pe-podium-la-turneul-international-boxam-si-la-campionatul-national-feminin\/#article","isPartOf":{"@id":"https:\/\/mediaonlinecl.ro\/index.php\/2026\/09\/04\/csm-calarasi-pe-podium-la-turneul-international-boxam-si-la-campionatul-national-feminin\/"},"author":{"name":"Stoica Marinel","@id":"https:\/\/mediaonlinecl.ro\/#\/schema\/person\/d7677942ea36ed6a234597de2c5cdd97"},"headline":"CSM C\u0103l\u0103ra\u0219i pe podium la Turneul Interna\u021bional BOXAM \u0219i la Campionatul Na\u021bional Feminin","datePublished":"2026-09-04T11:02:55+00:00","mainEntityOfPage":{"@id":"https:\/\/mediaonlinecl.ro\/index.php\/2026\/09\/04\/csm-calarasi-pe-podium-la-turneul-international-boxam-si-la-campionatul-national-feminin\/"},"wordCount":375,"commentCount":0,"publisher":{"@id":"https:\/\/mediaonlinecl.ro\/#\/schema\/person\/d034a4e1559d775fc146092e326cec92"},"image":{"@id":"https:\/\/mediaonlinecl.ro\/index.php\/2026\/09\/04\/csm-calarasi-pe-podium-la-turneul-international-boxam-si-la-campionatul-national-feminin\/#primaryimage"},"thumbnailUrl":"https:\/\/mediaonlinecl.ro\/wp-content\/uploads\/2026\/09\/csm.jpg","keywords":["Calarasi","materiale informative"],"articleSection":["INFO","Sport"],"inLanguage":"ro-RO","potentialAction":[{"@type":"CommentAction","name":"Comment","target":["https:\/\/mediaonlinecl.ro\/index.php\/2026\/09\/04\/csm-calarasi-pe-podium-la-turneul-international-boxam-si-la-campionatul-national-feminin\/#respond"]}]},{"@type":"WebPage","@id":"https:\/\/mediaonlinecl.ro\/index.php\/2026\/09\/04\/csm-calarasi-pe-podium-la-turneul-international-boxam-si-la-campionatul-national-feminin\/","url":"https:\/\/mediaonlinecl.ro\/index.php\/2026\/09\/04\/csm-calarasi-pe-podium-la-turneul-international-boxam-si-la-campionatul-national-feminin\/","name":"CSM C\u0103l\u0103ra\u0219i pe podium la Turneul Interna\u021bional BOXAM \u0219i la Campionatul Na\u021bional Feminin - mediaonlinecl.ro","isPartOf":{"@id":"https:\/\/mediaonlinecl.ro\/#website"},"primaryImageOfPage":{"@id":"https:\/\/mediaonlinecl.ro\/index.php\/2026\/09\/04\/csm-calarasi-pe-podium-la-turneul-international-boxam-si-la-campionatul-national-feminin\/#primaryimage"},"image":{"@id":"https:\/\/mediaonlinecl.ro\/index.php\/2026\/09\/04\/csm-calarasi-pe-podium-la-turneul-international-boxam-si-la-campionatul-national-feminin\/#primaryimage"},"thumbnailUrl":"https:\/\/mediaonlinecl.ro\/wp-content\/uploads\/2026\/09\/csm.jpg","datePublished":"2026-09-04T11:02:55+00:00","breadcrumb":{"@id":"https:\/\/mediaonlinecl.ro\/index.php\/2026\/09\/04\/csm-calarasi-pe-podium-la-turneul-international-boxam-si-la-campionatul-national-feminin\/#breadcrumb"},"inLanguage":"ro-RO","potentialAction":[{"@type":"ReadAction","target":["https:\/\/mediaonlinecl.ro\/index.php\/2026\/09\/04\/csm-calarasi-pe-podium-la-turneul-international-boxam-si-la-campionatul-national-feminin\/"]}]},{"@type":"ImageObject","inLanguage":"ro-RO","@id":"https:\/\/mediaonlinecl.ro\/index.php\/2026\/09\/04\/csm-calarasi-pe-podium-la-turneul-international-boxam-si-la-campionatul-national-feminin\/#primaryimage","url":"https:\/\/mediaonlinecl.ro\/wp-content\/uploads\/2026\/09\/csm.jpg","contentUrl":"https:\/\/mediaonlinecl.ro\/wp-content\/uploads\/2026\/09\/csm.jpg","width":732,"height":915},{"@type":"BreadcrumbList","@id":"https:\/\/mediaonlinecl.ro\/index.php\/2026\/09\/04\/csm-calarasi-pe-podium-la-turneul-international-boxam-si-la-campionatul-national-feminin\/#breadcrumb","itemListElement":[{"@type":"ListItem","position":1,"name":"Prima pagin\u0103","item":"https:\/\/mediaonlinecl.ro\/"},{"@type":"ListItem","position":2,"name":"CSM C\u0103l\u0103ra\u0219i pe podium la Turneul Interna\u021bional BOXAM \u0219i la Campionatul Na\u021bional Feminin"}]},{"@type":"WebSite","@id":"https:\/\/mediaonlinecl.ro\/#website","url":"https:\/\/mediaonlinecl.ro\/","name":"mediaonlinecl.ro","description":"Stiri online Calarasi","publisher":{"@id":"https:\/\/mediaonlinecl.ro\/#\/schema\/person\/d034a4e1559d775fc146092e326cec92"},"potentialAction":[{"@type":"SearchAction","target":{"@type":"EntryPoint","urlTemplate":"https:\/\/mediaonlinecl.ro\/?s={search_term_string}"},"query-input":{"@type":"PropertyValueSpecification","valueRequired":true,"valueName":"search_term_string"}}],"inLanguage":"ro-RO"},{"@type":["Person","Organization"],"@id":"https:\/\/mediaonlinecl.ro\/#\/schema\/person\/d034a4e1559d775fc146092e326cec92","name":"mediaonlinecl.ro","image":{"@type":"ImageObject","inLanguage":"ro-RO","@id":"https:\/\/secure.gravatar.com\/avatar\/d470f50a7361008ecde3fa503e364abe6c860513eb6677a70a09062088e3392e?s=96&d=mm&r=g","url":"https:\/\/secure.gravatar.com\/avatar\/d470f50a7361008ecde3fa503e364abe6c860513eb6677a70a09062088e3392e?s=96&d=mm&r=g","contentUrl":"https:\/\/secure.gravatar.com\/avatar\/d470f50a7361008ecde3fa503e364abe6c860513eb6677a70a09062088e3392e?s=96&d=mm&r=g","caption":"mediaonlinecl.ro"},"logo":{"@id":"https:\/\/secure.gravatar.com\/avatar\/d470f50a7361008ecde3fa503e364abe6c860513eb6677a70a09062088e3392e?s=96&d=mm&r=g"},"sameAs":["http:\/\/www.mediaonlinecl.ro"]},{"@type":"Person","@id":"https:\/\/mediaonlinecl.ro\/#\/schema\/person\/d7677942ea36ed6a234597de2c5cdd97","name":"Stoica Marinel","image":{"@type":"ImageObject","inLanguage":"ro-RO","@id":"https:\/\/secure.gravatar.com\/avatar\/f7e06ba52f08bca37036c999591469a1660d6c1d99b56b44738fac120c9ccdcc?s=96&d=mm&r=g","url":"https:\/\/secure.gravatar.com\/avatar\/f7e06ba52f08bca37036c999591469a1660d6c1d99b56b44738fac120c9ccdcc?s=96&d=mm&r=g","contentUrl":"https:\/\/secure.gravatar.com\/avatar\/f7e06ba52f08bca37036c999591469a1660d6c1d99b56b44738fac120c9ccdcc?s=96&d=mm&r=g","caption":"Stoica Marinel"},"sameAs":["http:\/\/www.mediaonlinecl.ro"],"url":"https:\/\/mediaonlinecl.ro\/index.php\/author\/stoica\/"}]}},"_links":{"self":[{"href":"https:\/\/mediaonlinecl.ro\/index.php\/wp-json\/wp\/v2\/posts\/23764","targetHints":{"allow":["GET"]}}],"collection":[{"href":"https:\/\/mediaonlinecl.ro\/index.php\/wp-json\/wp\/v2\/posts"}],"about":[{"href":"https:\/\/mediaonlinecl.ro\/index.php\/wp-json\/wp\/v2\/types\/post"}],"author":[{"embeddable":true,"href":"https:\/\/mediaonlinecl.ro\/index.php\/wp-json\/wp\/v2\/users\/3"}],"replies":[{"embeddable":true,"href":"https:\/\/mediaonlinecl.ro\/index.php\/wp-json\/wp\/v2\/comments?post=23764"}],"version-history":[{"count":1,"href":"https:\/\/mediaonlinecl.ro\/index.php\/wp-json\/wp\/v2\/posts\/23764\/revisions"}],"predecessor-version":[{"id":23766,"href":"https:\/\/mediaonlinecl.ro\/index.php\/wp-json\/wp\/v2\/posts\/23764\/revisions\/23766"}],"wp:featuredmedia":[{"embeddable":true,"href":"https:\/\/mediaonlinecl.ro\/index.php\/wp-json\/wp\/v2\/media\/23765"}],"wp:attachment":[{"href":"https:\/\/mediaonlinecl.ro\/index.php\/wp-json\/wp\/v2\/media?parent=23764"}],"wp:term":[{"taxonomy":"category","embeddable":true,"href":"https:\/\/mediaonlinecl.ro\/index.php\/wp-json\/wp\/v2\/categories?post=23764"},{"taxonomy":"post_tag","embeddable":true,"href":"https:\/\/mediaonlinecl.ro\/index.php\/wp-json\/wp\/v2\/tags?post=23764"}],"curies":[{"name":"wp","href":"https:\/\/api.w.org\/{rel}","templated":true}]}}